{"id":9940,"date":"2022-10-07T10:45:25","date_gmt":"2022-10-07T08:45:25","guid":{"rendered":"https:\/\/www.benarabi.org\/?p=9940"},"modified":"2022-10-07T11:08:34","modified_gmt":"2022-10-07T09:08:34","slug":"convocadas-becas-de-corresponsales-juveniles-curso-22-23","status":"publish","type":"post","link":"https:\/\/www.benarabi.org\/?p=9940","title":{"rendered":"Convocadas Becas de Corresponsales Juveniles Curso 22-23"},"content":{"rendered":"<p style=\"text-align: justify;\"><a href=\"https:\/\/www.benarabi.org\/wp-content\/uploads\/2022\/10\/cartel-22-23.jpg\"><img loading=\"lazy\" decoding=\"async\" class=\"wp-image-9942 alignleft\" src=\"https:\/\/www.benarabi.org\/wp-content\/uploads\/2022\/10\/cartel-22-23.jpg\" alt=\"\" width=\"150\" height=\"150\" srcset=\"https:\/\/www.benarabi.org\/wp-content\/uploads\/2022\/10\/cartel-22-23.jpg 1280w, https:\/\/www.benarabi.org\/wp-content\/uploads\/2022\/10\/cartel-22-23-768x768.jpg 768w\" sizes=\"auto, (max-width: 150px) 100vw, 150px\" \/><\/a>Con el inicio del nuevo curso escolar, la Concejal\u00eda de Juventud del Ayuntamiento de Cartagena, a trav\u00e9s del servicio <strong>Informajoven<\/strong>, ha puesto en marcha una nueva edici\u00f3n del Programa\u00a0<strong>Corresponsales Juveniles\u00a0Curso 2022-2023.<\/strong><\/p>\n<p style=\"text-align: justify;\">Se han convocado un total de\u00a0<strong>3<\/strong><strong>7<\/strong>\u00a0<strong>Becas, <u>2 becas en cada Centro<\/u>, de 200 euros cada una<\/strong>, dirigidas a los alumnos de 4\u00ba ESO y 1\u00ba Bachillerato, que quieran colaborar con el Informajoven para difundir actividades, servicios y recursos de inter\u00e9s juvenil en sus Centros de Ense\u00f1anza. La mejor opci\u00f3n es que los dos candidatos que se presenten se comprometan a trabajar conjuntamente y en colaboraci\u00f3n formando un equipo de trabajo. No es obligatorio que pertenezcan a la misma clase ni tampoco al mismo curso.<\/p>\n<p style=\"text-align: justify;\">Para desarrollar su labor trabajar\u00e1n en equipo con los corresponsales de otros centros.<\/p>\n<p style=\"text-align: justify;\">Entre sus tareas est\u00e1n las de<strong>\u00a0<\/strong>atender el\u00a0<strong>Punto de Informaci\u00f3n Juvenil<\/strong><strong>\u00a0<\/strong><strong>(PIJ)<\/strong>\u00a0en nuestro instituto durante los recreos, gestionar una cuenta conjunta en Instagram\u00a0 y mantener un panel informativo en el Centro.\u00a0Para todo ello contar\u00e1n con el apoyo permanente del Informajoven y del profesorado del centro.<\/p>\n<p style=\"text-align: justify;\">El plazo para presentar las solicitudes ser\u00e1 de 2 meses a partir de la publicaci\u00f3n y difusi\u00f3n de las Bases en la web\u00a0<a href=\"https:\/\/juventud.cartagena.es\/\">https:\/\/juventud.cartagena.es<\/a>. (Plazo: <strong>Del 30 de septiembre al 30 de noviembre).<\/strong><\/p>\n<p style=\"text-align: justify;\">La solicitud y su modo de presentaci\u00f3n estar\u00e1 recogido en el siguiente apartado de la web municipal <a href=\"https:\/\/www.cartagena.es\/becas_ayudas_subvenciones.asp\">https:\/\/www.cartagena.es\/becas_ayudas_subvenciones.asp<\/a>\u00a0 poniendo en la tem\u00e1tica: Corresponsales Juveniles<\/p>\n<p style=\"text-align: justify;\">Si deseas conocer las\u00a0<strong>bases de la convocatoria<\/strong>,\u00a0pincha aqu\u00ed.<\/p>\n<p style=\"text-align: justify;\">M\u00e1s informaci\u00f3n en:<\/p>\n<p style=\"text-align: justify;\"><a href=\"https:\/\/juventud.cartagena.es\/informajoven\/corresponsales_juveniles.asp\">https:\/\/juventud.cartagena.es\/informajoven\/corresponsales_juveniles.asp<\/a><\/p>\n<p style=\"text-align: justify;\">\u00a1\u00a1An\u00edmate y ay\u00fadanos a difundir las actividades y recursos de inter\u00e9s juvenil que ofrece\u00a0 el Ayuntamiento de Cartagena!!<\/p>\n","protected":false},"excerpt":{"rendered":"<p>Con el inicio del nuevo curso escolar, la Concejal\u00eda de Juventud del Ayuntamiento de Cartagena, a trav\u00e9s del servicio Informajoven, ha puesto en marcha una nueva edici\u00f3n del Programa\u00a0Corresponsales Juveniles\u00a0Curso 2022-2023. Se han convocado un total de\u00a037\u00a0Becas, 2 becas en cada Centro, de 200 euros cada una, dirigidas a los alumnos de 4\u00ba ESO y [&hellip;]<\/p>\n","protected":false},"author":1,"featured_media":0,"comment_status":"closed","ping_status":"open","sticky":false,"template":"","format":"standard","meta":{"footnotes":""},"categories":[1],"tags":[],"class_list":["post-9940","post","type-post","status-publish","format-standard","hentry","category-sin-categoria"],"_links":{"self":[{"href":"https:\/\/www.benarabi.org\/index.php?rest_route=\/wp\/v2\/posts\/9940","targetHints":{"allow":["GET"]}}],"collection":[{"href":"https:\/\/www.benarabi.org\/index.php?rest_route=\/wp\/v2\/posts"}],"about":[{"href":"https:\/\/www.benarabi.org\/index.php?rest_route=\/wp\/v2\/types\/post"}],"author":[{"embeddable":true,"href":"https:\/\/www.benarabi.org\/index.php?rest_route=\/wp\/v2\/users\/1"}],"replies":[{"embeddable":true,"href":"https:\/\/www.benarabi.org\/index.php?rest_route=%2Fwp%2Fv2%2Fcomments&post=9940"}],"version-history":[{"count":2,"href":"https:\/\/www.benarabi.org\/index.php?rest_route=\/wp\/v2\/posts\/9940\/revisions"}],"predecessor-version":[{"id":9943,"href":"https:\/\/www.benarabi.org\/index.php?rest_route=\/wp\/v2\/posts\/9940\/revisions\/9943"}],"wp:attachment":[{"href":"https:\/\/www.benarabi.org\/index.php?rest_route=%2Fwp%2Fv2%2Fmedia&parent=9940"}],"wp:term":[{"taxonomy":"category","embeddable":true,"href":"https:\/\/www.benarabi.org\/index.php?rest_route=%2Fwp%2Fv2%2Fcategories&post=9940"},{"taxonomy":"post_tag","embeddable":true,"href":"https:\/\/www.benarabi.org\/index.php?rest_route=%2Fwp%2Fv2%2Ftags&post=9940"}],"curies":[{"name":"wp","href":"https:\/\/api.w.org\/{rel}","templated":true}]}}