{"id":9956,"date":"2022-10-11T11:13:13","date_gmt":"2022-10-11T09:13:13","guid":{"rendered":"https:\/\/www.benarabi.org\/?p=9956"},"modified":"2022-10-11T11:13:46","modified_gmt":"2022-10-11T09:13:46","slug":"nuestros-alumnos-participan-en-el-proyecto-cartagena-5-0-agenda-urbana-2030","status":"publish","type":"post","link":"https:\/\/www.benarabi.org\/?p=9956","title":{"rendered":"Nuestros alumnos participan en el proyecto \u201cCartagena 5.0: Agenda Urbana 2030\u201d"},"content":{"rendered":"<p style=\"text-align: justify;\"><a href=\"https:\/\/www.benarabi.org\/wp-content\/uploads\/2022\/10\/foto5.jpg\"><img loading=\"lazy\" decoding=\"async\" class=\"wp-image-9961 alignleft\" src=\"https:\/\/www.benarabi.org\/wp-content\/uploads\/2022\/10\/foto5.jpg\" alt=\"\" width=\"150\" height=\"84\" srcset=\"https:\/\/www.benarabi.org\/wp-content\/uploads\/2022\/10\/foto5.jpg 1280w, https:\/\/www.benarabi.org\/wp-content\/uploads\/2022\/10\/foto5-850x478.jpg 850w, https:\/\/www.benarabi.org\/wp-content\/uploads\/2022\/10\/foto5-1200x675.jpg 1200w, https:\/\/www.benarabi.org\/wp-content\/uploads\/2022\/10\/foto5-250x141.jpg 250w, https:\/\/www.benarabi.org\/wp-content\/uploads\/2022\/10\/foto5-768x432.jpg 768w\" sizes=\"auto, (max-width: 150px) 100vw, 150px\" \/><\/a>El pasado jueves 29 de septiembre, los alumnos de Atenci\u00f3n Educativa de 1\u00ba de ESO participaron en una actividad de la Agenda Urbana del Ayuntamiento de Cartagena. El objetivo de la Agenda Urbana es conseguir una ciudad m\u00e1s sostenible en el plano ambiental, social y econ\u00f3mico con la participaci\u00f3n de toda la ciudadan\u00eda. Esta estrategia est\u00e1 enmarcada dentro de la Agenda 2030 y de los Objetivos de Desarrollo Sostenible (ODS) propuestos por la Organizaci\u00f3n de las Naciones\u00a0Unidas (ONU). (M\u00e1s informaci\u00f3n en:\u00a0<a href=\"https:\/\/agendaurbana.cartagena.es\/\">https:\/\/agendaurbana.cartagena.es\/<\/a>)<\/p>\n<p style=\"text-align: justify;\">Los alumnos conocieron de primera mano en qu\u00e9 consiste la Agenda Urbana y participaron en un concurso de ideas para mejorar los desplazamientos hacia los centros educativos desde una perspectiva sostenible e\u00a0innovadora. Presentaron sus ideas en un formato A3 mediante la realizaci\u00f3n de dibujos y collages. Al finalizar sus propuestas, los alumnos y alumnas realizaron una votaci\u00f3n para seleccionar los trabajos m\u00e1s innovadores y sostenibles, resultando ganadores del concurso los alumnos \u00c1lvaro Ru\u00edz Monreal (1\u00baBF) y Ainhoa Pintado D\u00edaz (1\u00baD). Los ganadores recibieron una camiseta y todo\u00a0el alumnado que particip\u00f3 en la actividad recibi\u00f3 como obsequio\u00a0una mochila con material escolar, y un brazalete reflectante para montar en bicicleta.<\/p>\n<p style=\"text-align: justify;\">Con esta actividad, nuestros alumnos han podido contribuir aportando sus ideas, convencidos de que aunque la Agenda 2030 es una iniciativa mundial, desde nuestro Centro nos podemos sumar a este esfuerzo colectivo\u00a0creando las condiciones para lograr un instituto incluyente, equitativo y sostenible.<\/p>\n<div id='gallery-1' class='gallery galleryid-9956 gallery-columns-4 gallery-size-thumbnail'><figure class='gallery-item'>\n\t\t\t<div class='gallery-icon landscape'>\n\t\t\t\t<a href='https:\/\/www.benarabi.org\/?attachment_id=9960'><img loading=\"lazy\" decoding=\"async\" width=\"250\" height=\"141\" src=\"https:\/\/www.benarabi.org\/wp-content\/uploads\/2022\/10\/FOTO4-250x141.jpg\" class=\"attachment-thumbnail size-thumbnail\" alt=\"\" srcset=\"https:\/\/www.benarabi.org\/wp-content\/uploads\/2022\/10\/FOTO4-250x141.jpg 250w, https:\/\/www.benarabi.org\/wp-content\/uploads\/2022\/10\/FOTO4-850x478.jpg 850w, https:\/\/www.benarabi.org\/wp-content\/uploads\/2022\/10\/FOTO4-1200x675.jpg 1200w\" sizes=\"auto, (max-width: 250px) 100vw, 250px\" \/><\/a>\n\t\t\t<\/div><\/figure><figure class='gallery-item'>\n\t\t\t<div class='gallery-icon portrait'>\n\t\t\t\t<a href='https:\/\/www.benarabi.org\/?attachment_id=9959'><img loading=\"lazy\" decoding=\"async\" width=\"250\" height=\"141\" src=\"https:\/\/www.benarabi.org\/wp-content\/uploads\/2022\/10\/FOTO3-250x141.jpg\" class=\"attachment-thumbnail size-thumbnail\" alt=\"\" srcset=\"https:\/\/www.benarabi.org\/wp-content\/uploads\/2022\/10\/FOTO3-250x141.jpg 250w, https:\/\/www.benarabi.org\/wp-content\/uploads\/2022\/10\/FOTO3-850x478.jpg 850w, https:\/\/www.benarabi.org\/wp-content\/uploads\/2022\/10\/FOTO3-1200x675.jpg 1200w\" sizes=\"auto, (max-width: 250px) 100vw, 250px\" \/><\/a>\n\t\t\t<\/div><\/figure><figure class='gallery-item'>\n\t\t\t<div class='gallery-icon landscape'>\n\t\t\t\t<a href='https:\/\/www.benarabi.org\/?attachment_id=9958'><img loading=\"lazy\" decoding=\"async\" width=\"250\" height=\"141\" src=\"https:\/\/www.benarabi.org\/wp-content\/uploads\/2022\/10\/FOTO2-250x141.jpg\" class=\"attachment-thumbnail size-thumbnail\" alt=\"\" srcset=\"https:\/\/www.benarabi.org\/wp-content\/uploads\/2022\/10\/FOTO2-250x141.jpg 250w, https:\/\/www.benarabi.org\/wp-content\/uploads\/2022\/10\/FOTO2-850x478.jpg 850w, https:\/\/www.benarabi.org\/wp-content\/uploads\/2022\/10\/FOTO2-1200x675.jpg 1200w\" sizes=\"auto, (max-width: 250px) 100vw, 250px\" \/><\/a>\n\t\t\t<\/div><\/figure><figure class='gallery-item'>\n\t\t\t<div class='gallery-icon landscape'>\n\t\t\t\t<a href='https:\/\/www.benarabi.org\/?attachment_id=9957'><img loading=\"lazy\" decoding=\"async\" width=\"250\" height=\"141\" src=\"https:\/\/www.benarabi.org\/wp-content\/uploads\/2022\/10\/FOTO-PRINCIPAL-250x141.jpg\" class=\"attachment-thumbnail size-thumbnail\" alt=\"\" srcset=\"https:\/\/www.benarabi.org\/wp-content\/uploads\/2022\/10\/FOTO-PRINCIPAL-250x141.jpg 250w, https:\/\/www.benarabi.org\/wp-content\/uploads\/2022\/10\/FOTO-PRINCIPAL-850x478.jpg 850w, https:\/\/www.benarabi.org\/wp-content\/uploads\/2022\/10\/FOTO-PRINCIPAL-1200x675.jpg 1200w\" sizes=\"auto, (max-width: 250px) 100vw, 250px\" \/><\/a>\n\t\t\t<\/div><\/figure>\n\t\t<\/div>\n\n","protected":false},"excerpt":{"rendered":"<p>El pasado jueves 29 de septiembre, los alumnos de Atenci\u00f3n Educativa de 1\u00ba de ESO participaron en una actividad de la Agenda Urbana del Ayuntamiento de Cartagena. El objetivo de la Agenda Urbana es conseguir una ciudad m\u00e1s sostenible en el plano ambiental, social y econ\u00f3mico con la participaci\u00f3n de toda la ciudadan\u00eda. Esta estrategia [&hellip;]<\/p>\n","protected":false},"author":1,"featured_media":0,"comment_status":"closed","ping_status":"open","sticky":false,"template":"","format":"standard","meta":{"footnotes":""},"categories":[1],"tags":[],"class_list":["post-9956","post","type-post","status-publish","format-standard","hentry","category-sin-categoria"],"_links":{"self":[{"href":"https:\/\/www.benarabi.org\/index.php?rest_route=\/wp\/v2\/posts\/9956","targetHints":{"allow":["GET"]}}],"collection":[{"href":"https:\/\/www.benarabi.org\/index.php?rest_route=\/wp\/v2\/posts"}],"about":[{"href":"https:\/\/www.benarabi.org\/index.php?rest_route=\/wp\/v2\/types\/post"}],"author":[{"embeddable":true,"href":"https:\/\/www.benarabi.org\/index.php?rest_route=\/wp\/v2\/users\/1"}],"replies":[{"embeddable":true,"href":"https:\/\/www.benarabi.org\/index.php?rest_route=%2Fwp%2Fv2%2Fcomments&post=9956"}],"version-history":[{"count":2,"href":"https:\/\/www.benarabi.org\/index.php?rest_route=\/wp\/v2\/posts\/9956\/revisions"}],"predecessor-version":[{"id":9963,"href":"https:\/\/www.benarabi.org\/index.php?rest_route=\/wp\/v2\/posts\/9956\/revisions\/9963"}],"wp:attachment":[{"href":"https:\/\/www.benarabi.org\/index.php?rest_route=%2Fwp%2Fv2%2Fmedia&parent=9956"}],"wp:term":[{"taxonomy":"category","embeddable":true,"href":"https:\/\/www.benarabi.org\/index.php?rest_route=%2Fwp%2Fv2%2Fcategories&post=9956"},{"taxonomy":"post_tag","embeddable":true,"href":"https:\/\/www.benarabi.org\/index.php?rest_route=%2Fwp%2Fv2%2Ftags&post=9956"}],"curies":[{"name":"wp","href":"https:\/\/api.w.org\/{rel}","templated":true}]}}